{"id":1005,"date":"2022-12-13T16:12:27","date_gmt":"2022-12-13T15:12:27","guid":{"rendered":"https:\/\/kbk.katowice.pl\/?p=1005"},"modified":"2022-12-14T08:44:44","modified_gmt":"2022-12-14T07:44:44","slug":"kondolencje-2","status":"publish","type":"post","link":"https:\/\/kbk.katowice.pl\/index.php\/2022\/12\/13\/kondolencje-2\/","title":{"rendered":"Kondolencje"},"content":{"rendered":"<p align=\"justify\"><span style=\"color: #002d62;\"><span style=\"font-family: Poppins, sans-serif;\"><span style=\"font-size: medium;\">W obliczu \u015bmierci <\/span><\/span><\/span><span style=\"color: #002d62;\"><span style=\"font-family: Poppins, sans-serif;\"><span style=\"font-size: medium;\">Mamy<\/span><\/span><\/span><span style=\"color: #002d62;\"><span style=\"font-family: Poppins, sans-serif;\"><span style=\"font-size: medium;\"> trudno o s\u0142owa, kt\u00f3re oddawa\u0142yby b\u00f3l i smutek. W przypadku takiej tragedii nie spos\u00f3b zebra\u0107 my\u015bli i opisa\u0107 targaj\u0105cych dusz\u0119 uczu\u0107. Ci\u0119\u017cko uwierzy\u0107 w strat\u0119. Pe\u0142ni empatii \u0142\u0105czymy si\u0119 z Tob\u0105 <\/span><\/span><\/span><span style=\"color: #002d62;\"><span style=\"font-family: Poppins, sans-serif;\"><span style=\"font-size: medium;\">Bracie Zygmuncie <\/span><\/span><\/span><span style=\"color: #002d62;\"><span style=\"font-family: Poppins, sans-serif;\"><span style=\"font-size: medium;\">w b\u00f3lu, wsp\u00f3\u0142czuj\u0105c w tych trudnych momentach<\/span><\/span><\/span><\/p>\n<p align=\"justify\">\n<p align=\"justify\">\u00a0 \u00a0 \u00a0 \u00a0 \u00a0 \u00a0 \u00a0 \u00a0 \u00a0 \u00a0 \u00a0 \u00a0 \u00a0 \u00a0 \u00a0 \u00a0 \u00a0 \u00a0 \u00a0 \u00a0 \u00a0 \u00a0 \u00a0 \u00a0 \u00a0 \u00a0 \u00a0 \u00a0 \u00a0 \u00a0 \u00a0 \u00a0 \u00a0 \u00a0 \u00a0 \u00a0 \u00a0 \u00a0 \u00a0 \u00a0 \u00a0 \u00a0 \u00a0 \u00a0 \u00a0 \u00a0 \u00a0 \u00a0 \u00a0 \u00a0 \u00a0 \u00a0 \u00a0 \u00a0 \u00a0 \u00a0 \u00a0 \u00a0 \u00a0 \u00a0 \u00a0 \u00a0 \u00a0 \u00a0 \u00a0 \u00a0 \u00a0 \u00a0 \u00a0 \u00a0 \u00a0 \u00a0 \u00a0 \u00a0 \u00a0 \u00a0 \u00a0 \u00a0 \u00a0 \u00a0 \u00a0 \u00a0 \u00a0 \u00a0 \u00a0 \u00a0 \u00a0 \u00a0 \u00a0 \u00a0 \u00a0 \u00a0 \u00a0 \u00a0 \u00a0 \u00a0 \u00a0 \u00a0 \u00a0 \u00a0 \u00a0 \u00a0 \u00a0 \u00a0 Bracia i Siostra KBK<\/p>\n<p align=\"justify\">\n<p align=\"justify\"><span style=\"color: #002d62;\"><span style=\"font-family: Poppins, sans-serif;\"><span style=\"font-size: medium;\">.<\/span><\/span><\/span><\/p>\n","protected":false},"excerpt":{"rendered":"<p>W obliczu \u015bmierci Mamy trudno o s\u0142owa, kt\u00f3re oddawa\u0142yby b\u00f3l i smutek. W przypadku takiej tragedii nie spos\u00f3b zebra\u0107 my\u015bli i opisa\u0107 targaj\u0105cych dusz\u0119 uczu\u0107. Ci\u0119\u017cko uwierzy\u0107 w strat\u0119. Pe\u0142ni empatii \u0142\u0105czymy si\u0119 z Tob\u0105<a class=\"read-more\" href=\"https:\/\/kbk.katowice.pl\/index.php\/2022\/12\/13\/kondolencje-2\/\">Czytaj dalej<\/a><\/p>\n","protected":false},"author":1,"featured_media":0,"comment_status":"closed","ping_status":"closed","sticky":false,"template":"","format":"standard","meta":{"footnotes":""},"categories":[1],"tags":[],"class_list":["post-1005","post","type-post","status-publish","format-standard","hentry","category-bez-kategorii"],"_links":{"self":[{"href":"https:\/\/kbk.katowice.pl\/index.php\/wp-json\/wp\/v2\/posts\/1005","targetHints":{"allow":["GET"]}}],"collection":[{"href":"https:\/\/kbk.katowice.pl\/index.php\/wp-json\/wp\/v2\/posts"}],"about":[{"href":"https:\/\/kbk.katowice.pl\/index.php\/wp-json\/wp\/v2\/types\/post"}],"author":[{"embeddable":true,"href":"https:\/\/kbk.katowice.pl\/index.php\/wp-json\/wp\/v2\/users\/1"}],"replies":[{"embeddable":true,"href":"https:\/\/kbk.katowice.pl\/index.php\/wp-json\/wp\/v2\/comments?post=1005"}],"version-history":[{"count":4,"href":"https:\/\/kbk.katowice.pl\/index.php\/wp-json\/wp\/v2\/posts\/1005\/revisions"}],"predecessor-version":[{"id":1009,"href":"https:\/\/kbk.katowice.pl\/index.php\/wp-json\/wp\/v2\/posts\/1005\/revisions\/1009"}],"wp:attachment":[{"href":"https:\/\/kbk.katowice.pl\/index.php\/wp-json\/wp\/v2\/media?parent=1005"}],"wp:term":[{"taxonomy":"category","embeddable":true,"href":"https:\/\/kbk.katowice.pl\/index.php\/wp-json\/wp\/v2\/categories?post=1005"},{"taxonomy":"post_tag","embeddable":true,"href":"https:\/\/kbk.katowice.pl\/index.php\/wp-json\/wp\/v2\/tags?post=1005"}],"curies":[{"name":"wp","href":"https:\/\/api.w.org\/{rel}","templated":true}]}}