{"id":1122,"date":"2023-05-03T16:48:11","date_gmt":"2023-05-03T14:48:11","guid":{"rendered":"http:\/\/kbk.katowice.pl\/?p=1122"},"modified":"2023-05-03T16:48:11","modified_gmt":"2023-05-03T14:48:11","slug":"kochani-bracia-i-siostro","status":"publish","type":"post","link":"https:\/\/kbk.katowice.pl\/index.php\/2023\/05\/03\/kochani-bracia-i-siostro\/","title":{"rendered":"Kochani Bracia i Siostro"},"content":{"rendered":"<p><span class=\"v1gwp42dde373_colour\">\u00a0Z\u00a0<span class=\"v1gwp42dde373_font\"><span class=\"v1gwp42dde373_size\">wielkim \u017calem przekazujemy Wam wiadomo\u015b\u0107 o \u015bmierci Naszego Brata, Przewodnicz\u0105cego Komisji Rewizyjnej, <i><b>\u015ap.\u00a0 HENRYKA\u00a0 BOR\u00d3WKI. <\/b><\/i>Pogrzeb odb\u0119dzie si\u0119 w dn. 05.05.2023 (pi\u0105tek) o godz. 10.30 w Katowicach w ko\u015bciele przy ul. Damrota (obok Centrum Handlowego &#8222;<em>Belg&#8221;<\/em>).<\/span><\/span><\/span><\/p>\n<p><span class=\"v1gwp42dde373_colour\"><span class=\"v1gwp42dde373_font\"><span class=\"v1gwp42dde373_size\">Wszystkich Braci i Siostr\u0119 <i><b>zapraszamy<\/b><\/i> na ostatni\u0105 drog\u0119 z Bratem \u015bp. Henrykiem. Spotkamy si\u0119 o godz. 10.15 przed wej\u015bciem do ko\u015bcio\u0142a i z Naszym pocztem Sztandarowym uczestniczy\u0107 b\u0119dziemy we Mszy \u015aw.<\/span><\/span><\/span><\/p>\n<p>&nbsp;<\/p>\n<p><span class=\"v1gwp42dde373_colour\"><span class=\"v1gwp42dde373_font\"><span class=\"v1gwp42dde373_size\"><i><b>CZE\u015a\u0106 JEGO PAMI\u0118CI<\/b><\/i><\/span><\/span><\/span><\/p>\n<p><span class=\"v1gwp42dde373_colour\"><span class=\"v1gwp42dde373_font\"><span class=\"v1gwp42dde373_size\"><i><b>Zarz\u0105d KBK<\/b><\/i><\/span><\/span><\/span><\/p>\n","protected":false},"excerpt":{"rendered":"<p>\u00a0Z\u00a0wielkim \u017calem przekazujemy Wam wiadomo\u015b\u0107 o \u015bmierci Naszego Brata, Przewodnicz\u0105cego Komisji Rewizyjnej, \u015ap.\u00a0 HENRYKA\u00a0 BOR\u00d3WKI. Pogrzeb odb\u0119dzie si\u0119 w dn. 05.05.2023 (pi\u0105tek) o godz. 10.30 w Katowicach w ko\u015bciele przy ul. Damrota (obok Centrum Handlowego<a class=\"read-more\" href=\"https:\/\/kbk.katowice.pl\/index.php\/2023\/05\/03\/kochani-bracia-i-siostro\/\">Czytaj dalej<\/a><\/p>\n","protected":false},"author":1,"featured_media":0,"comment_status":"closed","ping_status":"closed","sticky":false,"template":"","format":"standard","meta":{"footnotes":""},"categories":[1],"tags":[],"class_list":["post-1122","post","type-post","status-publish","format-standard","hentry","category-bez-kategorii"],"_links":{"self":[{"href":"https:\/\/kbk.katowice.pl\/index.php\/wp-json\/wp\/v2\/posts\/1122","targetHints":{"allow":["GET"]}}],"collection":[{"href":"https:\/\/kbk.katowice.pl\/index.php\/wp-json\/wp\/v2\/posts"}],"about":[{"href":"https:\/\/kbk.katowice.pl\/index.php\/wp-json\/wp\/v2\/types\/post"}],"author":[{"embeddable":true,"href":"https:\/\/kbk.katowice.pl\/index.php\/wp-json\/wp\/v2\/users\/1"}],"replies":[{"embeddable":true,"href":"https:\/\/kbk.katowice.pl\/index.php\/wp-json\/wp\/v2\/comments?post=1122"}],"version-history":[{"count":4,"href":"https:\/\/kbk.katowice.pl\/index.php\/wp-json\/wp\/v2\/posts\/1122\/revisions"}],"predecessor-version":[{"id":1126,"href":"https:\/\/kbk.katowice.pl\/index.php\/wp-json\/wp\/v2\/posts\/1122\/revisions\/1126"}],"wp:attachment":[{"href":"https:\/\/kbk.katowice.pl\/index.php\/wp-json\/wp\/v2\/media?parent=1122"}],"wp:term":[{"taxonomy":"category","embeddable":true,"href":"https:\/\/kbk.katowice.pl\/index.php\/wp-json\/wp\/v2\/categories?post=1122"},{"taxonomy":"post_tag","embeddable":true,"href":"https:\/\/kbk.katowice.pl\/index.php\/wp-json\/wp\/v2\/tags?post=1122"}],"curies":[{"name":"wp","href":"https:\/\/api.w.org\/{rel}","templated":true}]}}