{"id":1128,"date":"2023-05-06T10:54:50","date_gmt":"2023-05-06T08:54:50","guid":{"rendered":"https:\/\/kbk.katowice.pl\/?p=1128"},"modified":"2023-12-06T21:16:30","modified_gmt":"2023-12-06T20:16:30","slug":"ceremonia-zalobna-s-p-brata-henryka-borowki","status":"publish","type":"post","link":"https:\/\/kbk.katowice.pl\/index.php\/2023\/05\/06\/ceremonia-zalobna-s-p-brata-henryka-borowki\/","title":{"rendered":"Ceremonia \u017ca\u0142obna  \u015a.P. Brata Henryka Bor\u00f3wki."},"content":{"rendered":"<p align=\"justify\">W dniu wczorajszym uczestniczyli\u015bmy w ostatniej drodze na tym ziemskim padole naszego brata \u015b.p. Henryka Bor\u00f3wki. Wszystkim Braciom sk\u0142adamy podzi\u0119kowania za tak liczny udzia\u0142, a Braciom Templariuszom dodatkowo za udzia\u0142 w asy\u015bcie do mszy \u017ca\u0142obnej.<\/p>\n<p align=\"justify\"><span style=\"font-size: large;\"><strong>Cze\u015b\u0107 Jego pami\u0119ci<\/strong>.<\/span><\/p>\n<p align=\"justify\"><a href=\"http:\/\/kbk.katowice.pl\/index.php\/w-obiektywie\/#bwg43\/1046\">Fotografie z ceremonii \u017ca\u0142obnej<\/a>.<\/p>\n<p align=\"left\"><span style=\"font-size: large;\">\u00a0 \u00a0 \u00a0 \u00a0 \u00a0 \u00a0 \u00a0 \u00a0 \u00a0 \u00a0 \u00a0 \u00a0 \u00a0 \u00a0 \u00a0 \u00a0 \u00a0 \u00a0 \u00a0 \u00a0 \u00a0 \u00a0 \u00a0 \u00a0 \u00a0 \u00a0 \u00a0 \u00a0 \u00a0 \u00a0 \u00a0 \u00a0 \u00a0 \u00a0 \u00a0 \u00a0 \u00a0 \u00a0 \u00a0 \u00a0 \u00a0 \u00a0 \u00a0 \u00a0 \u00a0 \u00a0 \u00a0 \u00a0 \u00a0 \u00a0 \u00a0 \u00a0 \u00a0 \u00a0 \u00a0 \u00a0 \u00a0 \u00a0 \u00a0 \u00a0 \u00a0 \u00a0 \u00a0 \u00a0 \u00a0 \u00a0 \u00a0 \u00a0 \u00a0 \u00a0 \u00a0 \u00a0 \u00a0 \u00a0 \u00a0 \u00a0 \u00a0 \u00a0 \u00a0 \u00a0 \u00a0 \u00a0 \u00a0 \u00a0 \u00a0Zarz\u0105d KBK.<\/span><\/p>\n<p align=\"left\"><span style=\"font-size: large;\">\u00a0 \u00a0 \u00a0 \u00a0 \u00a0 \u00a0 \u00a0 \u00a0 \u00a0 \u00a0 \u00a0 \u00a0 \u00a0 \u00a0 \u00a0 \u00a0 \u00a0 \u00a0 \u00a0 \u00a0 \u00a0 \u00a0 \u00a0 \u00a0 \u00a0 \u00a0 \u00a0 \u00a0 \u00a0 \u00a0 \u00a0 \u00a0 \u00a0 \u00a0 \u00a0 \u00a0 \u00a0 \u00a0 \u00a0 \u00a0 \u00a0 \u00a0 \u00a0 \u00a0 \u00a0 \u00a0 \u00a0 \u00a0 \u00a0 \u00a0 \u00a0 \u00a0 \u00a0 \u00a0 \u00a0 \u00a0 \u00a0 \u00a0 \u00a0 \u00a0 \u00a0 \u00a0 \u00a0 \u00a0 \u00a0 \u00a0 \u00a0 \u00a0 \u00a0 \u00a0 \u00a0 \u00a0 \u00a0 \u00a0 \u00a0 \u00a0 \u00a0 \u00a0 \u00a0 \u00a0 \u00a0 \u00a0 \u00a0 \u00a0 \u00a0 \u00a0 \u00a0 \u00a0 \u00a0 \u00a0 \u00a0 \u00a0 \u00a0 \u00a0 \u00a0 \u00a0 \u00a0 \u00a0 \u00a0 \u00a0 \u00a0 \u00a0 \u00a0 \u00a0 \u00a0 \u00a0 \u00a0 \u00a0 \u00a0 \u00a0 \u00a0 \u00a0 \u00a0 \u00a0 \u00a0 \u00a0 \u00a0 \u00a0 \u00a0 \u00a0 \u00a0 \u00a0 \u00a0 \u00a0 \u00a0 \u00a0 \u00a0 \u00a0 \u00a0 \u00a0 \u00a0 \u00a0\u00a0<\/span><\/p>\n","protected":false},"excerpt":{"rendered":"<p>W dniu wczorajszym uczestniczyli\u015bmy w ostatniej drodze na tym ziemskim padole naszego brata \u015b.p. Henryka Bor\u00f3wki. Wszystkim Braciom sk\u0142adamy podzi\u0119kowania za tak liczny udzia\u0142, a Braciom Templariuszom dodatkowo za udzia\u0142 w asy\u015bcie do mszy \u017ca\u0142obnej.<a class=\"read-more\" href=\"https:\/\/kbk.katowice.pl\/index.php\/2023\/05\/06\/ceremonia-zalobna-s-p-brata-henryka-borowki\/\">Czytaj dalej<\/a><\/p>\n","protected":false},"author":1,"featured_media":0,"comment_status":"closed","ping_status":"closed","sticky":false,"template":"","format":"standard","meta":{"footnotes":""},"categories":[1],"tags":[],"class_list":["post-1128","post","type-post","status-publish","format-standard","hentry","category-bez-kategorii"],"_links":{"self":[{"href":"https:\/\/kbk.katowice.pl\/index.php\/wp-json\/wp\/v2\/posts\/1128","targetHints":{"allow":["GET"]}}],"collection":[{"href":"https:\/\/kbk.katowice.pl\/index.php\/wp-json\/wp\/v2\/posts"}],"about":[{"href":"https:\/\/kbk.katowice.pl\/index.php\/wp-json\/wp\/v2\/types\/post"}],"author":[{"embeddable":true,"href":"https:\/\/kbk.katowice.pl\/index.php\/wp-json\/wp\/v2\/users\/1"}],"replies":[{"embeddable":true,"href":"https:\/\/kbk.katowice.pl\/index.php\/wp-json\/wp\/v2\/comments?post=1128"}],"version-history":[{"count":8,"href":"https:\/\/kbk.katowice.pl\/index.php\/wp-json\/wp\/v2\/posts\/1128\/revisions"}],"predecessor-version":[{"id":1137,"href":"https:\/\/kbk.katowice.pl\/index.php\/wp-json\/wp\/v2\/posts\/1128\/revisions\/1137"}],"wp:attachment":[{"href":"https:\/\/kbk.katowice.pl\/index.php\/wp-json\/wp\/v2\/media?parent=1128"}],"wp:term":[{"taxonomy":"category","embeddable":true,"href":"https:\/\/kbk.katowice.pl\/index.php\/wp-json\/wp\/v2\/categories?post=1128"},{"taxonomy":"post_tag","embeddable":true,"href":"https:\/\/kbk.katowice.pl\/index.php\/wp-json\/wp\/v2\/tags?post=1128"}],"curies":[{"name":"wp","href":"https:\/\/api.w.org\/{rel}","templated":true}]}}