{"id":1139,"date":"2023-05-27T14:14:14","date_gmt":"2023-05-27T12:14:14","guid":{"rendered":"https:\/\/kbk.katowice.pl\/?p=1139"},"modified":"2023-12-06T21:15:53","modified_gmt":"2023-12-06T20:15:53","slug":"zwyczajne-sprawozdawczo-wyborcze-zgromadzenie-czlonkow-kbk","status":"publish","type":"post","link":"https:\/\/kbk.katowice.pl\/index.php\/2023\/05\/27\/zwyczajne-sprawozdawczo-wyborcze-zgromadzenie-czlonkow-kbk\/","title":{"rendered":"Zwyczajne Sprawozdawczo \u2013 Wyborcze Zgromadzenie Cz\u0142onk\u00f3w \u201eKBK\u201d"},"content":{"rendered":"<p>Zwyczajne Sprawozdawczo \u2013 Wyborcze Zgromadzenie Cz\u0142onk\u00f3w \u201eKatowickiego Bractwa Kurkowego\u201d (dalej zwane jako Zgromadzenie ) odby\u0142o si\u0119 w dniu 17 maja w Katowicach na ul. M\u0142y\u0144ska 4.<\/p>\n<p>W posiedzeniu uczestniczy\u0142o 16 os\u00f3b na 26 cz\u0142onk\u00f3w.<\/p>\n<p>Zgromadzenie rozpocz\u0105\u0142 Hetman Bractwa, prosz\u0105c o minut\u0119 ciszy za zmar\u0142ego brata Henryka Bor\u00f3wka.<\/p>\n<p>Po wyborach do zarz\u0105du dokonano podzia\u0142u funkcji i obowi\u0105zk\u00f3w, kt\u00f3ry przedstawia si\u0119 nast\u0119puj\u0105co:<\/p>\n<p>&#8211; Edward K\u00f3ska \u2013 Prezes \u2013 Hetman Bractwa,<br \/>\n&#8211; Jaros\u0142aw Witas &#8211; Wiceprezes Zarz\u0105du &#8211; Mistrz Ceremonii ,<br \/>\n&#8211; Jerzy B\u0119dkowski &#8211; Wiceprezes Zarz\u0105du \u2013 Stra\u017cnik Honoru i Tradycji,<br \/>\n&#8211; Zbigniew Kosakowski Skarbnik \u2013 Stra\u017cnik Skarbu,<br \/>\n&#8211; Piotr Mazur &#8211; Sekretarz \u2013 Stra\u017cnik Pergaminu,<br \/>\n&#8211; Zygmunt Mo\u017cdze\u0144 \u2013 Stra\u017cnik Broni.<br \/>\n&#8211; Jacek Kocot \u2013 Cz\u0142onek Zarz\u0105du.<\/p>\n<p>Sprawozdanie OPP za rok 2022 dost\u0119pne w dziale &#8222;Do pobrania&#8221;.<\/p>\n<p>Zdj\u0119cia ze zgromadzenia dost\u0119pne <a href=\"https:\/\/kbk.katowice.pl\/index.php\/w-obiektywie\/#bwg44\/1058\">tutaj<\/a>.<\/p>\n<p>&nbsp;<\/p>\n","protected":false},"excerpt":{"rendered":"<p>Zwyczajne Sprawozdawczo \u2013 Wyborcze Zgromadzenie Cz\u0142onk\u00f3w \u201eKatowickiego Bractwa Kurkowego\u201d (dalej zwane jako Zgromadzenie ) odby\u0142o si\u0119 w dniu 17 maja w Katowicach na ul. M\u0142y\u0144ska 4. W posiedzeniu uczestniczy\u0142o 16 os\u00f3b na 26 cz\u0142onk\u00f3w. Zgromadzenie<a class=\"read-more\" href=\"https:\/\/kbk.katowice.pl\/index.php\/2023\/05\/27\/zwyczajne-sprawozdawczo-wyborcze-zgromadzenie-czlonkow-kbk\/\">Czytaj dalej<\/a><\/p>\n","protected":false},"author":1,"featured_media":0,"comment_status":"closed","ping_status":"closed","sticky":false,"template":"","format":"standard","meta":{"footnotes":""},"categories":[1],"tags":[],"class_list":["post-1139","post","type-post","status-publish","format-standard","hentry","category-bez-kategorii"],"_links":{"self":[{"href":"https:\/\/kbk.katowice.pl\/index.php\/wp-json\/wp\/v2\/posts\/1139","targetHints":{"allow":["GET"]}}],"collection":[{"href":"https:\/\/kbk.katowice.pl\/index.php\/wp-json\/wp\/v2\/posts"}],"about":[{"href":"https:\/\/kbk.katowice.pl\/index.php\/wp-json\/wp\/v2\/types\/post"}],"author":[{"embeddable":true,"href":"https:\/\/kbk.katowice.pl\/index.php\/wp-json\/wp\/v2\/users\/1"}],"replies":[{"embeddable":true,"href":"https:\/\/kbk.katowice.pl\/index.php\/wp-json\/wp\/v2\/comments?post=1139"}],"version-history":[{"count":2,"href":"https:\/\/kbk.katowice.pl\/index.php\/wp-json\/wp\/v2\/posts\/1139\/revisions"}],"predecessor-version":[{"id":1144,"href":"https:\/\/kbk.katowice.pl\/index.php\/wp-json\/wp\/v2\/posts\/1139\/revisions\/1144"}],"wp:attachment":[{"href":"https:\/\/kbk.katowice.pl\/index.php\/wp-json\/wp\/v2\/media?parent=1139"}],"wp:term":[{"taxonomy":"category","embeddable":true,"href":"https:\/\/kbk.katowice.pl\/index.php\/wp-json\/wp\/v2\/categories?post=1139"},{"taxonomy":"post_tag","embeddable":true,"href":"https:\/\/kbk.katowice.pl\/index.php\/wp-json\/wp\/v2\/tags?post=1139"}],"curies":[{"name":"wp","href":"https:\/\/api.w.org\/{rel}","templated":true}]}}