{"id":1311,"date":"2024-04-28T10:12:19","date_gmt":"2024-04-28T08:12:19","guid":{"rendered":"https:\/\/kbk.katowice.pl\/?p=1311"},"modified":"2024-04-29T20:59:51","modified_gmt":"2024-04-29T18:59:51","slug":"xxxix-zjazd-delegatow-zjednoczenia-kurkowych-bractw-strzeleckich-rp","status":"publish","type":"post","link":"https:\/\/kbk.katowice.pl\/index.php\/2024\/04\/28\/xxxix-zjazd-delegatow-zjednoczenia-kurkowych-bractw-strzeleckich-rp\/","title":{"rendered":"XXXIX Zjazd Delegat\u00f3w Zjednoczenia Kurkowych Bractw Strzeleckich RP"},"content":{"rendered":"<h2 class=\"western\"><\/h2>\n<p>Zjednoczenie Kurkowych Bractw Strzeleckich RP powsta\u0142o 7 sierpnia 1922 r. w Poznaniu. Zrzesza 120 bractw z ca\u0142ej Polski uszeregowanych w 10 okr\u0119gach. Nale\u017cy te\u017c do Europejskiej Wsp\u00f3lnoty Strzelc\u00f3w Historycznych (EGS). Bracki ruch strzelecki si\u0119ga prawie o\u015bmiu wiek\u00f3w!<\/p>\n<p>W sobot\u0119, 20 kwietnia odby\u0142 si\u0119 XXXIX Zjazd Delegat\u00f3w Zjednoczenia Kurkowych Bractw Strzeleckich RP. Uroczysto\u015bci odby\u0142y si\u0119 w Rydzynie i rozpocz\u0119\u0142y si\u0119 od przemarszu spod Zamku Kr\u00f3lewskiego na Rynek, gdzie oficjalnie rozpocz\u0119to XXXIX Krajowy Zjazd Delegat\u00f3w Zjednoczenia Kurkowych Bractw Strzeleckich RP. Po od\u015bpiewaniu hymnu i wyst\u0105pieniu prezesa ZKBS RP Lecha Magnuszewskiego przemaszerowano do ko\u015bcio\u0142a pw. \u015bw. Stanis\u0142awa Biskupa na msz\u0119 \u015bw. Po nabo\u017ce\u0144stwie poczty sztandarowe w asy\u015bcie orkiestry wr\u00f3ci\u0142y do Zamku i Kr\u00f3lewskiego, gdzie rozpocz\u0119to obrady.<\/p>\n<p>Naszymi delegatami na Zjazd byli Bracia Jerzy B\u0119dkowski i Zygmunt Mo\u017cd\u017ae\u0144.Uroczysto\u015b\u0107 trwa\u0142a dwa dni, i cho\u0107 obrady zako\u0144czy\u0142y si\u0119 w sobot\u0119, to rywalizacja strzelecka w r\u00f3\u017cnych kategoriach trwa\u0142a do niedzieli.<\/p>\n<p>Podczas uroczysto\u015bci prezes ZKBS RP Lech Magnuszewski i Kr\u00f3l A.D. 2023-2026 Pawe\u0142 Hinz wr\u0119czyli najwy\u017csze brackie odznaczenie, czyli Krzy\u017ce Wielkie Orderu Zas\u0142ugi Zjednoczenia. Otrzymali je:<\/p>\n<ul>\n<li>Jan \u015awigost (Bractwo Kurkowe Grodu Bytomskiego)<\/li>\n<li>Tadeusz Paw\u0142owski (Kurkowe Bractwo Strzeleckie w Rawiczu)<\/li>\n<\/ul>\n<p class=\"western\"><a href=\"http:\/\/kbk.katowice.pl\/index.php\/w-obiektywie\/#bwg51\/1282\">Zdj\u0119cia ze zjazdu delegat\u00f3w.<\/a><\/p>\n","protected":false},"excerpt":{"rendered":"<p>Zjednoczenie Kurkowych Bractw Strzeleckich RP powsta\u0142o 7 sierpnia 1922 r. w Poznaniu. Zrzesza 120 bractw z ca\u0142ej Polski uszeregowanych w 10 okr\u0119gach. Nale\u017cy te\u017c do Europejskiej Wsp\u00f3lnoty Strzelc\u00f3w Historycznych (EGS). Bracki ruch strzelecki si\u0119ga prawie<a class=\"read-more\" href=\"https:\/\/kbk.katowice.pl\/index.php\/2024\/04\/28\/xxxix-zjazd-delegatow-zjednoczenia-kurkowych-bractw-strzeleckich-rp\/\">Czytaj dalej<\/a><\/p>\n","protected":false},"author":1,"featured_media":0,"comment_status":"closed","ping_status":"closed","sticky":false,"template":"","format":"standard","meta":{"footnotes":""},"categories":[1],"tags":[],"class_list":["post-1311","post","type-post","status-publish","format-standard","hentry","category-bez-kategorii"],"_links":{"self":[{"href":"https:\/\/kbk.katowice.pl\/index.php\/wp-json\/wp\/v2\/posts\/1311","targetHints":{"allow":["GET"]}}],"collection":[{"href":"https:\/\/kbk.katowice.pl\/index.php\/wp-json\/wp\/v2\/posts"}],"about":[{"href":"https:\/\/kbk.katowice.pl\/index.php\/wp-json\/wp\/v2\/types\/post"}],"author":[{"embeddable":true,"href":"https:\/\/kbk.katowice.pl\/index.php\/wp-json\/wp\/v2\/users\/1"}],"replies":[{"embeddable":true,"href":"https:\/\/kbk.katowice.pl\/index.php\/wp-json\/wp\/v2\/comments?post=1311"}],"version-history":[{"count":5,"href":"https:\/\/kbk.katowice.pl\/index.php\/wp-json\/wp\/v2\/posts\/1311\/revisions"}],"predecessor-version":[{"id":1317,"href":"https:\/\/kbk.katowice.pl\/index.php\/wp-json\/wp\/v2\/posts\/1311\/revisions\/1317"}],"wp:attachment":[{"href":"https:\/\/kbk.katowice.pl\/index.php\/wp-json\/wp\/v2\/media?parent=1311"}],"wp:term":[{"taxonomy":"category","embeddable":true,"href":"https:\/\/kbk.katowice.pl\/index.php\/wp-json\/wp\/v2\/categories?post=1311"},{"taxonomy":"post_tag","embeddable":true,"href":"https:\/\/kbk.katowice.pl\/index.php\/wp-json\/wp\/v2\/tags?post=1311"}],"curies":[{"name":"wp","href":"https:\/\/api.w.org\/{rel}","templated":true}]}}