{"id":1322,"date":"2024-05-23T07:29:28","date_gmt":"2024-05-23T05:29:28","guid":{"rendered":"https:\/\/kbk.katowice.pl\/?p=1322"},"modified":"2024-05-23T07:29:28","modified_gmt":"2024-05-23T05:29:28","slug":"kondolencje-4","status":"publish","type":"post","link":"https:\/\/kbk.katowice.pl\/index.php\/2024\/05\/23\/kondolencje-4\/","title":{"rendered":"Kondolencje"},"content":{"rendered":"<p align=\"CENTER\"><span style=\"color: #151515;\"><span style=\"font-family: Brandon Grotesque, Arial, sans-serif;\"><span style=\"font-size: large;\">Bracie Piotrze, z g\u0142\u0119bokim \u017calem przyj\u0119li\u015bmy wiadomo\u015b\u0107 o \u015bmierci Twojej \u017bony. W imieniu siostry i braci Katowickiego Bractwa Kurkowego sk\u0142adamy wyrazy wsp\u00f3\u0142czucia dla rodziny i bliskich.<\/span><\/span><\/span><\/p>\n<p align=\"CENTER\">\n<p align=\"CENTER\">\n<p align=\"CENTER\">\u00a0 \u00a0 \u00a0 \u00a0 \u00a0 \u00a0 \u00a0 \u00a0 \u00a0 \u00a0 \u00a0 \u00a0 \u00a0 \u00a0 \u00a0 \u00a0 \u00a0 \u00a0 \u00a0 \u00a0 \u00a0 \u00a0 \u00a0 \u00a0 \u00a0 \u00a0 \u00a0 \u00a0 \u00a0 \u00a0 \u00a0 \u00a0 \u00a0 \u00a0 \u00a0 \u00a0 \u00a0 \u00a0 \u00a0 \u00a0 \u00a0 \u00a0 \u00a0 \u00a0 \u00a0 \u00a0 \u00a0 \u00a0 \u00a0 \u00a0 \u00a0 \u00a0 \u00a0 \u00a0 \u00a0 \u00a0 \u00a0 \u00a0 \u00a0 \u00a0 \u00a0 \u00a0 \u00a0 \u00a0 \u00a0 \u00a0 \u00a0 \u00a0 \u00a0 \u00a0 \u00a0 \u00a0 \u00a0 \u00a0 \u00a0 \u00a0 \u00a0 \u00a0 \u00a0 \u00a0 \u00a0 \u00a0 \u00a0 \u00a0 \u00a0 \u00a0 \u00a0 \u00a0 \u00a0 \u00a0 \u00a0 \u00a0 \u00a0 \u00a0 \u00a0 \u00a0 \u00a0 \u00a0 \u00a0 \u00a0 \u00a0 \u00a0 \u00a0 \u00a0 \u00a0 \u00a0 \u00a0 \u00a0 \u00a0 \u00a0 \u00a0 \u00a0 \u00a0 \u00a0 \u00a0 \u00a0 \u00a0 \u00a0 \u00a0 \u00a0Zarz\u0105d KBK<\/p>\n","protected":false},"excerpt":{"rendered":"<p>Bracie Piotrze, z g\u0142\u0119bokim \u017calem przyj\u0119li\u015bmy wiadomo\u015b\u0107 o \u015bmierci Twojej \u017bony. W imieniu siostry i braci Katowickiego Bractwa Kurkowego sk\u0142adamy wyrazy wsp\u00f3\u0142czucia dla rodziny i bliskich. \u00a0 \u00a0 \u00a0 \u00a0 \u00a0 \u00a0 \u00a0 \u00a0 \u00a0<a class=\"read-more\" href=\"https:\/\/kbk.katowice.pl\/index.php\/2024\/05\/23\/kondolencje-4\/\">Czytaj dalej<\/a><\/p>\n","protected":false},"author":1,"featured_media":0,"comment_status":"closed","ping_status":"closed","sticky":false,"template":"","format":"standard","meta":{"footnotes":""},"categories":[1],"tags":[],"class_list":["post-1322","post","type-post","status-publish","format-standard","hentry","category-bez-kategorii"],"_links":{"self":[{"href":"https:\/\/kbk.katowice.pl\/index.php\/wp-json\/wp\/v2\/posts\/1322","targetHints":{"allow":["GET"]}}],"collection":[{"href":"https:\/\/kbk.katowice.pl\/index.php\/wp-json\/wp\/v2\/posts"}],"about":[{"href":"https:\/\/kbk.katowice.pl\/index.php\/wp-json\/wp\/v2\/types\/post"}],"author":[{"embeddable":true,"href":"https:\/\/kbk.katowice.pl\/index.php\/wp-json\/wp\/v2\/users\/1"}],"replies":[{"embeddable":true,"href":"https:\/\/kbk.katowice.pl\/index.php\/wp-json\/wp\/v2\/comments?post=1322"}],"version-history":[{"count":3,"href":"https:\/\/kbk.katowice.pl\/index.php\/wp-json\/wp\/v2\/posts\/1322\/revisions"}],"predecessor-version":[{"id":1325,"href":"https:\/\/kbk.katowice.pl\/index.php\/wp-json\/wp\/v2\/posts\/1322\/revisions\/1325"}],"wp:attachment":[{"href":"https:\/\/kbk.katowice.pl\/index.php\/wp-json\/wp\/v2\/media?parent=1322"}],"wp:term":[{"taxonomy":"category","embeddable":true,"href":"https:\/\/kbk.katowice.pl\/index.php\/wp-json\/wp\/v2\/categories?post=1322"},{"taxonomy":"post_tag","embeddable":true,"href":"https:\/\/kbk.katowice.pl\/index.php\/wp-json\/wp\/v2\/tags?post=1322"}],"curies":[{"name":"wp","href":"https:\/\/api.w.org\/{rel}","templated":true}]}}