{"id":1349,"date":"2024-08-20T09:53:09","date_gmt":"2024-08-20T07:53:09","guid":{"rendered":"http:\/\/kbk.katowice.pl\/?p=1349"},"modified":"2024-08-20T09:53:09","modified_gmt":"2024-08-20T07:53:09","slug":"drogi-bracie-andrzeju","status":"publish","type":"post","link":"https:\/\/kbk.katowice.pl\/index.php\/2024\/08\/20\/drogi-bracie-andrzeju\/","title":{"rendered":"Drogi Bracie Andrzeju"},"content":{"rendered":"<p align=\"LEFT\"><em><span style=\"color: #555555;\"><span style=\"font-family: Inter, sans-serif;\"><span style=\"font-size: medium;\">Drogi Bracie Andrzeju,<\/span><\/span><\/span><\/em><\/p>\n<p align=\"LEFT\"><em><span style=\"color: #555555;\"><span style=\"font-family: Inter, sans-serif;\"><span style=\"font-size: medium;\">80 lat to wyj\u0105tkowy moment, <\/span><\/span><\/span><\/em><em><span style=\"color: #555555;\"><span style=\"font-family: Inter, sans-serif;\"><span style=\"font-size: medium;\">kiedy do\u015bwiadczenie spotyka si\u0119 z m\u0105dro\u015bci\u0105,<\/span><\/span><\/span><\/em><span style=\"color: #555555;\"><span style=\"font-family: Inter, sans-serif;\"><span style=\"font-size: medium;\"><br \/>\n<\/span><\/span><\/span><em><span style=\"color: #555555;\"><span style=\"font-family: Inter, sans-serif;\"><span style=\"font-size: medium;\">a serce wci\u0105\u017c bije m\u0142odo.<\/span><\/span><\/span><\/em><span style=\"color: #555555;\"><span style=\"font-family: Inter, sans-serif;\"><span style=\"font-size: medium;\"><br \/>\n<\/span><\/span><\/span><em><span style=\"color: #555555;\"><span style=\"font-family: Inter, sans-serif;\"><span style=\"font-size: medium;\">\u017byczymy Ci zdrowia, rado\u015bci i nieko\u0144cz\u0105cej si\u0119 mi\u0142o\u015bci <\/span><\/span><\/span><\/em><em><span style=\"color: #555555;\"><span style=\"font-family: Inter, sans-serif;\"><span style=\"font-size: medium;\">ze strony rodziny i przyjaci\u00f3\u0142. <\/span><\/span><\/span><\/em><\/p>\n<p align=\"LEFT\"><em><span style=\"color: #555555;\"><span style=\"font-family: Inter, sans-serif;\"><span style=\"font-size: medium;\">Wszystkiego najlepszego!<\/span><\/span><\/span><\/em><\/p>\n<p align=\"LEFT\">\u00a0 \u00a0 \u00a0 \u00a0 \u00a0 \u00a0 \u00a0 \u00a0 \u00a0 \u00a0 \u00a0 \u00a0 \u00a0 \u00a0 \u00a0 \u00a0 \u00a0 \u00a0 \u00a0 \u00a0 \u00a0 \u00a0 \u00a0 \u00a0 \u00a0 \u00a0 \u00a0 \u00a0 \u00a0 \u00a0 \u00a0 \u00a0 \u00a0 \u00a0 \u00a0 \u00a0 \u00a0 \u00a0 \u00a0 \u00a0 \u00a0 \u00a0 \u00a0 \u00a0 \u00a0 \u00a0 \u00a0 \u00a0 Siostra i bracia KBK<\/p>\n","protected":false},"excerpt":{"rendered":"<p>Drogi Bracie Andrzeju, 80 lat to wyj\u0105tkowy moment, kiedy do\u015bwiadczenie spotyka si\u0119 z m\u0105dro\u015bci\u0105, a serce wci\u0105\u017c bije m\u0142odo. \u017byczymy Ci zdrowia, rado\u015bci i nieko\u0144cz\u0105cej si\u0119 mi\u0142o\u015bci ze strony rodziny i przyjaci\u00f3\u0142. Wszystkiego najlepszego! \u00a0<a class=\"read-more\" href=\"https:\/\/kbk.katowice.pl\/index.php\/2024\/08\/20\/drogi-bracie-andrzeju\/\">Czytaj dalej<\/a><\/p>\n","protected":false},"author":1,"featured_media":0,"comment_status":"closed","ping_status":"closed","sticky":false,"template":"","format":"standard","meta":{"footnotes":""},"categories":[1],"tags":[],"class_list":["post-1349","post","type-post","status-publish","format-standard","hentry","category-bez-kategorii"],"_links":{"self":[{"href":"https:\/\/kbk.katowice.pl\/index.php\/wp-json\/wp\/v2\/posts\/1349","targetHints":{"allow":["GET"]}}],"collection":[{"href":"https:\/\/kbk.katowice.pl\/index.php\/wp-json\/wp\/v2\/posts"}],"about":[{"href":"https:\/\/kbk.katowice.pl\/index.php\/wp-json\/wp\/v2\/types\/post"}],"author":[{"embeddable":true,"href":"https:\/\/kbk.katowice.pl\/index.php\/wp-json\/wp\/v2\/users\/1"}],"replies":[{"embeddable":true,"href":"https:\/\/kbk.katowice.pl\/index.php\/wp-json\/wp\/v2\/comments?post=1349"}],"version-history":[{"count":1,"href":"https:\/\/kbk.katowice.pl\/index.php\/wp-json\/wp\/v2\/posts\/1349\/revisions"}],"predecessor-version":[{"id":1350,"href":"https:\/\/kbk.katowice.pl\/index.php\/wp-json\/wp\/v2\/posts\/1349\/revisions\/1350"}],"wp:attachment":[{"href":"https:\/\/kbk.katowice.pl\/index.php\/wp-json\/wp\/v2\/media?parent=1349"}],"wp:term":[{"taxonomy":"category","embeddable":true,"href":"https:\/\/kbk.katowice.pl\/index.php\/wp-json\/wp\/v2\/categories?post=1349"},{"taxonomy":"post_tag","embeddable":true,"href":"https:\/\/kbk.katowice.pl\/index.php\/wp-json\/wp\/v2\/tags?post=1349"}],"curies":[{"name":"wp","href":"https:\/\/api.w.org\/{rel}","templated":true}]}}