{"id":1352,"date":"2024-09-03T13:49:54","date_gmt":"2024-09-03T11:49:54","guid":{"rendered":"http:\/\/kbk.katowice.pl\/?p=1352"},"modified":"2024-09-03T18:42:57","modified_gmt":"2024-09-03T16:42:57","slug":"wiwat-krolu-europejski-ad-2024","status":"publish","type":"post","link":"https:\/\/kbk.katowice.pl\/index.php\/2024\/09\/03\/wiwat-krolu-europejski-ad-2024\/","title":{"rendered":"Wiwat Kr\u00f3l Europejski AD 2024"},"content":{"rendered":"<p><span style=\"color: #595959;\"><span style=\"font-family: Fira Sans;\"><span style=\"font-size: large;\">Podczas tegorocznego Europasch\u00fctzenfest w Mondsee w Austrii w sobot\u0119 wybrano nowe majestaty Europy. Spo\u015br\u00f3d 267 kr\u00f3l\u00f3w strzelc\u00f3w i 123 ksi\u0105\u017c\u0105t zaskoczenie wywo\u0142a\u0142o dw\u00f3ch Polak\u00f3w: J\u00f3zef Pluta z Raciborza zosta\u0142 koronowany na kr\u00f3la Europy, a 18-letni Maksymilian Kuropka z Po\u0144ca zosta\u0142 mianowany ksi\u0119ciem Europy. <\/span><\/span><\/span><\/p>\n<p><span style=\"color: #595959;\"><span style=\"font-family: Fira Sans;\"><span style=\"font-size: large;\">Nasz Brat Zygmunt Mo\u017cd\u017ce\u0144 reprezentowa\u0142 nasze Bractwo w \u015bcis\u0142ym finale. Wszystkim gratulujemy. Wiwat Zygmunt, Wiwat Kr\u00f3lowie , Wiwat J\u00f3zef.<\/span><\/span><\/span><\/p>\n<p>https:\/\/www.naszraciborz.pl\/site\/art\/1-aktualnosci\/0-\/112211-jozef-pluta-z-raciborza-europejskim-krolem-strzelcow-historycznych?fbclid=IwY2xjawFEG4VleHRuA2FlbQIxMQABHWLDIqT3KKL76WnC4G6aKc9LssqlNk6twDqGW54N4DNi3cAnqn4xv-lSYA_aem_FFkSxr4qRlI3ilSxYNSQXQ<\/p>\n<p><a href=\"http:\/\/kbk.katowice.pl\/index.php\/w-obiektywie\/#bwg54\/1361\">Zapraszamy do obejrzenia galerii.<\/a><\/p>\n<p>&nbsp;<\/p>\n","protected":false},"excerpt":{"rendered":"<p>Podczas tegorocznego Europasch\u00fctzenfest w Mondsee w Austrii w sobot\u0119 wybrano nowe majestaty Europy. Spo\u015br\u00f3d 267 kr\u00f3l\u00f3w strzelc\u00f3w i 123 ksi\u0105\u017c\u0105t zaskoczenie wywo\u0142a\u0142o dw\u00f3ch Polak\u00f3w: J\u00f3zef Pluta z Raciborza zosta\u0142 koronowany na kr\u00f3la Europy, a 18-letni<a class=\"read-more\" href=\"https:\/\/kbk.katowice.pl\/index.php\/2024\/09\/03\/wiwat-krolu-europejski-ad-2024\/\">Czytaj dalej<\/a><\/p>\n","protected":false},"author":1,"featured_media":0,"comment_status":"closed","ping_status":"closed","sticky":false,"template":"","format":"standard","meta":{"footnotes":""},"categories":[1],"tags":[],"class_list":["post-1352","post","type-post","status-publish","format-standard","hentry","category-bez-kategorii"],"_links":{"self":[{"href":"https:\/\/kbk.katowice.pl\/index.php\/wp-json\/wp\/v2\/posts\/1352","targetHints":{"allow":["GET"]}}],"collection":[{"href":"https:\/\/kbk.katowice.pl\/index.php\/wp-json\/wp\/v2\/posts"}],"about":[{"href":"https:\/\/kbk.katowice.pl\/index.php\/wp-json\/wp\/v2\/types\/post"}],"author":[{"embeddable":true,"href":"https:\/\/kbk.katowice.pl\/index.php\/wp-json\/wp\/v2\/users\/1"}],"replies":[{"embeddable":true,"href":"https:\/\/kbk.katowice.pl\/index.php\/wp-json\/wp\/v2\/comments?post=1352"}],"version-history":[{"count":8,"href":"https:\/\/kbk.katowice.pl\/index.php\/wp-json\/wp\/v2\/posts\/1352\/revisions"}],"predecessor-version":[{"id":1361,"href":"https:\/\/kbk.katowice.pl\/index.php\/wp-json\/wp\/v2\/posts\/1352\/revisions\/1361"}],"wp:attachment":[{"href":"https:\/\/kbk.katowice.pl\/index.php\/wp-json\/wp\/v2\/media?parent=1352"}],"wp:term":[{"taxonomy":"category","embeddable":true,"href":"https:\/\/kbk.katowice.pl\/index.php\/wp-json\/wp\/v2\/categories?post=1352"},{"taxonomy":"post_tag","embeddable":true,"href":"https:\/\/kbk.katowice.pl\/index.php\/wp-json\/wp\/v2\/tags?post=1352"}],"curies":[{"name":"wp","href":"https:\/\/api.w.org\/{rel}","templated":true}]}}