{"id":1376,"date":"2024-11-22T13:57:44","date_gmt":"2024-11-22T12:57:44","guid":{"rendered":"http:\/\/kbk.katowice.pl\/?p=1376"},"modified":"2024-12-12T18:18:57","modified_gmt":"2024-12-12T17:18:57","slug":"rycerze-sw-sebastiana-w-chomutovie","status":"publish","type":"post","link":"https:\/\/kbk.katowice.pl\/index.php\/2024\/11\/22\/rycerze-sw-sebastiana-w-chomutovie\/","title":{"rendered":"Rycerze \u015aw. Sebastiana w Chomutovie"},"content":{"rendered":"<p align=\"CENTER\"><span style=\"color: #363737;\"><span style=\"font-family: Segoe UI, sans-serif;\"><span style=\"font-size: large;\">W Chomutovie powi\u0119kszy\u0142o si\u0119 grono rycerzy V Komandorii Rycerstwa \u015aw. Sebastiana.<\/span><\/span><\/span><\/p>\n<p><span style=\"color: #404141;\"><span style=\"font-family: Segoe UI, sans-serif;\"><span style=\"font-size: large;\">W sobotnie popo\u0142udnie w ko\u015bciele wniebowzi\u0119cia Naj\u015bwi\u0119tszej Marii Panny w Chomutovie zosta\u0142a odprawiona msza \u015bwi\u0119ta z inwestytur\u0105 nowych rycerzy \u015bw. Sebastiana. Dokona\u0142 jej prezydent Europejskiej Wsp\u00f3lnoty Strzelc\u00f3w Historycznych (EGS), Albert-Henri ksi\u0105\u017c\u0119 de Merode w towarzystwie cz\u0142onk\u00f3w prezydium EGS. Zaszczytu mianowania na rycerzy dost\u0105pili cz\u0142onkowie Bractw Kurkowych z Pszczyny, Miko\u0142owa, Jelcza-Laskowic, Katowic, Bytomia, Tarnowskich G\u00f3r.\u00a0 Mianowany na rycerza zosta\u0142 nasz Brat Zygmunt Mo\u017cd\u017ce\u0144. Gratulujemy.<\/span><\/span><\/span><\/p>\n<p><a href=\"http:\/\/kbk.katowice.pl\/index.php\/w-obiektywie\/#bwg57\/1379\">Kilka zdj\u0119\u0107 w zak\u0142adce &#8222;W obiektywie&#8221;.<\/a><\/p>\n","protected":false},"excerpt":{"rendered":"<p>W Chomutovie powi\u0119kszy\u0142o si\u0119 grono rycerzy V Komandorii Rycerstwa \u015aw. Sebastiana. W sobotnie popo\u0142udnie w ko\u015bciele wniebowzi\u0119cia Naj\u015bwi\u0119tszej Marii Panny w Chomutovie zosta\u0142a odprawiona msza \u015bwi\u0119ta z inwestytur\u0105 nowych rycerzy \u015bw. Sebastiana. Dokona\u0142 jej prezydent<a class=\"read-more\" href=\"https:\/\/kbk.katowice.pl\/index.php\/2024\/11\/22\/rycerze-sw-sebastiana-w-chomutovie\/\">Czytaj dalej<\/a><\/p>\n","protected":false},"author":1,"featured_media":0,"comment_status":"closed","ping_status":"closed","sticky":false,"template":"","format":"standard","meta":{"footnotes":""},"categories":[1],"tags":[],"class_list":["post-1376","post","type-post","status-publish","format-standard","hentry","category-bez-kategorii"],"_links":{"self":[{"href":"https:\/\/kbk.katowice.pl\/index.php\/wp-json\/wp\/v2\/posts\/1376","targetHints":{"allow":["GET"]}}],"collection":[{"href":"https:\/\/kbk.katowice.pl\/index.php\/wp-json\/wp\/v2\/posts"}],"about":[{"href":"https:\/\/kbk.katowice.pl\/index.php\/wp-json\/wp\/v2\/types\/post"}],"author":[{"embeddable":true,"href":"https:\/\/kbk.katowice.pl\/index.php\/wp-json\/wp\/v2\/users\/1"}],"replies":[{"embeddable":true,"href":"https:\/\/kbk.katowice.pl\/index.php\/wp-json\/wp\/v2\/comments?post=1376"}],"version-history":[{"count":4,"href":"https:\/\/kbk.katowice.pl\/index.php\/wp-json\/wp\/v2\/posts\/1376\/revisions"}],"predecessor-version":[{"id":1382,"href":"https:\/\/kbk.katowice.pl\/index.php\/wp-json\/wp\/v2\/posts\/1376\/revisions\/1382"}],"wp:attachment":[{"href":"https:\/\/kbk.katowice.pl\/index.php\/wp-json\/wp\/v2\/media?parent=1376"}],"wp:term":[{"taxonomy":"category","embeddable":true,"href":"https:\/\/kbk.katowice.pl\/index.php\/wp-json\/wp\/v2\/categories?post=1376"},{"taxonomy":"post_tag","embeddable":true,"href":"https:\/\/kbk.katowice.pl\/index.php\/wp-json\/wp\/v2\/tags?post=1376"}],"curies":[{"name":"wp","href":"https:\/\/api.w.org\/{rel}","templated":true}]}}