{"id":860,"date":"2021-02-06T14:51:45","date_gmt":"2021-02-06T13:51:45","guid":{"rendered":"http:\/\/kbk.katowice.pl\/?p=860"},"modified":"2021-02-06T14:51:45","modified_gmt":"2021-02-06T13:51:45","slug":"10-rocznica-reaktywowania-katowickiego-bractwa-kurkowego","status":"publish","type":"post","link":"https:\/\/kbk.katowice.pl\/index.php\/2021\/02\/06\/10-rocznica-reaktywowania-katowickiego-bractwa-kurkowego\/","title":{"rendered":"10 Rocznica reaktywowania Katowickiego Bractwa Kurkowego."},"content":{"rendered":"<p>Kochani Przyjaciele, Bracia i Siostry w zwi\u0105zku z obchodami10-tej rocznicy reaktywowania Katowickiego Bractwa Kurkowego przesy\u0142amy Or\u0119dzie Hetmana KBK. W za\u0142\u0105czniku zdj\u0119cia naszego sztandaru oraz List Gratulacyjny Prezydenta Miasta Katowice.<\/p>\n<p>Zarz\u0105d KBK<a href=\"http:\/\/kbk.katowice.pl\/wp-content\/uploads\/2021\/02\/DSC_9733-scaled.jpg\"><img loading=\"lazy\" decoding=\"async\" class=\"aligncenter size-medium wp-image-863\" src=\"http:\/\/kbk.katowice.pl\/wp-content\/uploads\/2021\/02\/DSC_9733-287x300.jpg\" alt=\"\" width=\"287\" height=\"300\" srcset=\"https:\/\/kbk.katowice.pl\/wp-content\/uploads\/2021\/02\/DSC_9733-287x300.jpg 287w, https:\/\/kbk.katowice.pl\/wp-content\/uploads\/2021\/02\/DSC_9733-981x1024.jpg 981w, https:\/\/kbk.katowice.pl\/wp-content\/uploads\/2021\/02\/DSC_9733-768x802.jpg 768w, https:\/\/kbk.katowice.pl\/wp-content\/uploads\/2021\/02\/DSC_9733-1471x1536.jpg 1471w, https:\/\/kbk.katowice.pl\/wp-content\/uploads\/2021\/02\/DSC_9733-1962x2048.jpg 1962w, https:\/\/kbk.katowice.pl\/wp-content\/uploads\/2021\/02\/DSC_9733-520x543.jpg 520w, https:\/\/kbk.katowice.pl\/wp-content\/uploads\/2021\/02\/DSC_9733-740x772.jpg 740w\" sizes=\"auto, (max-width: 287px) 100vw, 287px\" \/><\/a><a href=\"http:\/\/kbk.katowice.pl\/wp-content\/uploads\/2021\/02\/DSC_9737-scaled.jpg\"><img loading=\"lazy\" decoding=\"async\" class=\"aligncenter size-medium wp-image-864\" src=\"http:\/\/kbk.katowice.pl\/wp-content\/uploads\/2021\/02\/DSC_9737-277x300.jpg\" alt=\"\" width=\"277\" height=\"300\" srcset=\"https:\/\/kbk.katowice.pl\/wp-content\/uploads\/2021\/02\/DSC_9737-277x300.jpg 277w, https:\/\/kbk.katowice.pl\/wp-content\/uploads\/2021\/02\/DSC_9737-947x1024.jpg 947w, https:\/\/kbk.katowice.pl\/wp-content\/uploads\/2021\/02\/DSC_9737-768x831.jpg 768w, https:\/\/kbk.katowice.pl\/wp-content\/uploads\/2021\/02\/DSC_9737-1420x1536.jpg 1420w, https:\/\/kbk.katowice.pl\/wp-content\/uploads\/2021\/02\/DSC_9737-1894x2048.jpg 1894w, https:\/\/kbk.katowice.pl\/wp-content\/uploads\/2021\/02\/DSC_9737-520x562.jpg 520w, https:\/\/kbk.katowice.pl\/wp-content\/uploads\/2021\/02\/DSC_9737-740x800.jpg 740w\" sizes=\"auto, (max-width: 277px) 100vw, 277px\" \/><\/a><\/p>\n<p><a href=\"http:\/\/kbk.katowice.pl\/wp-content\/uploads\/2021\/02\/Gratulacje_dla_czlonkow_KBK.pdf\">Or\u0119dzie Hetmana KBK<\/a><\/p>\n<p><a href=\"http:\/\/kbk.katowice.pl\/wp-content\/uploads\/2021\/02\/Gratulacje-Prez.-M.-Krupy-10-cio-lecie-KBK.pdf\">Gratulacje Prezydenta M. Krupy z okazji 10-lecia reaktywacji KBK<\/a><\/p>\n<p>&nbsp;<\/p>\n","protected":false},"excerpt":{"rendered":"<p>Kochani Przyjaciele, Bracia i Siostry w zwi\u0105zku z obchodami10-tej rocznicy reaktywowania Katowickiego Bractwa Kurkowego przesy\u0142amy Or\u0119dzie Hetmana KBK. W za\u0142\u0105czniku zdj\u0119cia naszego sztandaru oraz List Gratulacyjny Prezydenta Miasta Katowice. Zarz\u0105d KBK Or\u0119dzie Hetmana KBK Gratulacje<a class=\"read-more\" href=\"https:\/\/kbk.katowice.pl\/index.php\/2021\/02\/06\/10-rocznica-reaktywowania-katowickiego-bractwa-kurkowego\/\">Czytaj dalej<\/a><\/p>\n","protected":false},"author":1,"featured_media":0,"comment_status":"closed","ping_status":"closed","sticky":false,"template":"","format":"standard","meta":{"footnotes":""},"categories":[1],"tags":[],"class_list":["post-860","post","type-post","status-publish","format-standard","hentry","category-bez-kategorii"],"_links":{"self":[{"href":"https:\/\/kbk.katowice.pl\/index.php\/wp-json\/wp\/v2\/posts\/860","targetHints":{"allow":["GET"]}}],"collection":[{"href":"https:\/\/kbk.katowice.pl\/index.php\/wp-json\/wp\/v2\/posts"}],"about":[{"href":"https:\/\/kbk.katowice.pl\/index.php\/wp-json\/wp\/v2\/types\/post"}],"author":[{"embeddable":true,"href":"https:\/\/kbk.katowice.pl\/index.php\/wp-json\/wp\/v2\/users\/1"}],"replies":[{"embeddable":true,"href":"https:\/\/kbk.katowice.pl\/index.php\/wp-json\/wp\/v2\/comments?post=860"}],"version-history":[{"count":2,"href":"https:\/\/kbk.katowice.pl\/index.php\/wp-json\/wp\/v2\/posts\/860\/revisions"}],"predecessor-version":[{"id":868,"href":"https:\/\/kbk.katowice.pl\/index.php\/wp-json\/wp\/v2\/posts\/860\/revisions\/868"}],"wp:attachment":[{"href":"https:\/\/kbk.katowice.pl\/index.php\/wp-json\/wp\/v2\/media?parent=860"}],"wp:term":[{"taxonomy":"category","embeddable":true,"href":"https:\/\/kbk.katowice.pl\/index.php\/wp-json\/wp\/v2\/categories?post=860"},{"taxonomy":"post_tag","embeddable":true,"href":"https:\/\/kbk.katowice.pl\/index.php\/wp-json\/wp\/v2\/tags?post=860"}],"curies":[{"name":"wp","href":"https:\/\/api.w.org\/{rel}","templated":true}]}}